{"id":29214,"date":"2024-12-27T15:32:22","date_gmt":"2024-12-27T15:32:22","guid":{"rendered":"https:\/\/news2shorts.com\/index.php\/2024\/12\/27\/luka-doncic-injury-update-mavs-star-out-at-least-one-month-with-calf-strain\/"},"modified":"2024-12-27T15:32:22","modified_gmt":"2024-12-27T15:32:22","slug":"luka-doncic-injury-update-mavs-star-out-at-least-one-month-with-calf-strain","status":"publish","type":"post","link":"https:\/\/news2shorts.com\/index.php\/2024\/12\/27\/luka-doncic-injury-update-mavs-star-out-at-least-one-month-with-calf-strain\/","title":{"rendered":"Luka Don\u010di\u0107 injury update: Mavs star out at least one month with calf strain"},"content":{"rendered":"<ul>\n<li>Mavericks star out at least a month, sources say<\/li>\n<li>Don\u010di\u0107 injured calf during Christmas Day game<\/li>\n<\/ul>\n<p>Dallas Mavericks star Luka Don\u010di\u0107 will be re-evaluated in a month due to a left calf strain, ESPN reported late Thursday night.<\/p>\n<p>The five-time All-Star sustained the injury during a 105-99 loss to the visiting Minnesota Timberwolves on Wednesday. After straining the calf on a seemingly harmless play in the second quarter, Don\u010di\u0107 headed to the locker room and missed the entire second half.<\/p>\n<p> <a href=\"https:\/\/www.theguardian.com\/sport\/2024\/dec\/27\/luca-doncic-injury-update-dallas-mavericks\">Continue reading&#8230;<\/a><\/p>\n","protected":false},"excerpt":{"rendered":"<p>Mavericks star out at least a month, sources say Don\u010di\u0107 injured calf during Christmas Day game Dallas Mavericks star Luka Don\u010di\u0107 will be re-evaluated in a month due to a left calf strain, ESPN reported late Thursday night. The five-time All-Star sustained the injury during a 105-99 loss to the visiting Minnesota Timberwolves on Wednesday. &#8230; <a title=\"Luka Don\u010di\u0107 injury update: Mavs star out at least one month with calf strain\" class=\"read-more\" href=\"https:\/\/news2shorts.com\/index.php\/2024\/12\/27\/luka-doncic-injury-update-mavs-star-out-at-least-one-month-with-calf-strain\/\" aria-label=\"Read more about Luka Don\u010di\u0107 injury update: Mavs star out at least one month with calf strain\">Read more<\/a><\/p>\n","protected":false},"author":0,"featured_media":0,"comment_status":"closed","ping_status":"closed","sticky":false,"template":"","format":"standard","meta":{"_jetpack_memberships_contains_paid_content":false,"footnotes":""},"categories":[1],"tags":[],"class_list":["post-29214","post","type-post","status-publish","format-standard","hentry","category-blog"],"jetpack_featured_media_url":"","jetpack_sharing_enabled":true,"_links":{"self":[{"href":"https:\/\/news2shorts.com\/index.php\/wp-json\/wp\/v2\/posts\/29214","targetHints":{"allow":["GET"]}}],"collection":[{"href":"https:\/\/news2shorts.com\/index.php\/wp-json\/wp\/v2\/posts"}],"about":[{"href":"https:\/\/news2shorts.com\/index.php\/wp-json\/wp\/v2\/types\/post"}],"replies":[{"embeddable":true,"href":"https:\/\/news2shorts.com\/index.php\/wp-json\/wp\/v2\/comments?post=29214"}],"version-history":[{"count":0,"href":"https:\/\/news2shorts.com\/index.php\/wp-json\/wp\/v2\/posts\/29214\/revisions"}],"wp:attachment":[{"href":"https:\/\/news2shorts.com\/index.php\/wp-json\/wp\/v2\/media?parent=29214"}],"wp:term":[{"taxonomy":"category","embeddable":true,"href":"https:\/\/news2shorts.com\/index.php\/wp-json\/wp\/v2\/categories?post=29214"},{"taxonomy":"post_tag","embeddable":true,"href":"https:\/\/news2shorts.com\/index.php\/wp-json\/wp\/v2\/tags?post=29214"}],"curies":[{"name":"wp","href":"https:\/\/api.w.org\/{rel}","templated":true}]}}